{"id":632,"date":"2023-07-27T00:00:09","date_gmt":"2023-07-26T22:00:09","guid":{"rendered":"https:\/\/cobrais.saotech.es\/?p=632"},"modified":"2024-11-06T17:47:26","modified_gmt":"2024-11-06T16:47:26","slug":"cobra-is-inaugura-la-planta-fotovoltaica-belmonte-en-brasil","status":"publish","type":"post","link":"https:\/\/www.iscobra.com\/fr\/cobra-is-inaugure-les-installations-photovoltaiques-de-belmonte-au-bresil\/","title":{"rendered":"COBRA IS inaugure les installations photovolta\u00efques de Belmonte au Br\u00e9sil"},"content":{"rendered":"\n<p>Le 27 juillet, COBRA IS a franchi une \u00e9tape importante de sa strat\u00e9gie de promotion des \u00e9nergies propres avec la mise en service de l\u2019usine photovolta\u00efque de Belmonte. Situ\u00e9e \u00e0 S\u00e3o Jos\u00e9 do Belmonte, commune de Pernambuco (Br\u00e9sil), l\u2019usine offre une capacit\u00e9 install\u00e9e nette de 570 MW et produira environ 100 m\u00e9gawatts (MW) d&rsquo;\u00e9nergie renouvelable.<\/p>\n\n\n\n<p>Le projet a \u00e9t\u00e9 r\u00e9alis\u00e9 par deux soci\u00e9t\u00e9s du Groupe : Cobra et Cymi Brasil. Cobra est responsable de la promotion, de la construction et de la mise en service du parc solaire, qui s\u2019\u00e9tend sur plus de 1 000 hectares et est \u00e9quip\u00e9 de 1 500 000 panneaux solaires. De son c\u00f4t\u00e9, Cymi Brasil est charg\u00e9e de la construction de 28 kilom\u00e8tres de lignes de transmission et de la nouvelle sous-station de Belmonte, qui fait office de collecteur pour le parc photovolta\u00efque.<\/p>\n\n\n\n<p>Durant la phase de construction, environ 1 900 emplois ont \u00e9t\u00e9 cr\u00e9\u00e9s, au b\u00e9n\u00e9fice principalement de la main-d&rsquo;\u0153uvre locale. Une fois l\u2019usine op\u00e9rationnelle, il est estim\u00e9 qu&rsquo;elle produira environ 1 200 GWh d&rsquo;\u00e9nergie renouvelable par an, soit 21 % de la consommation r\u00e9sidentielle de l&rsquo;unit\u00e9 f\u00e9d\u00e9rale de Pernambuco. Cette quantit\u00e9 d&rsquo;\u00e9nergie renouvelable sera suffisante pour r\u00e9pondre \u00e0 la consommation annuelle d&rsquo;environ 723 000 foyers de Pernambuco.<\/p>\n\n\n\n<p>Par ailleurs, l&rsquo;\u00e9nergie g\u00e9n\u00e9r\u00e9e par les installations photovolta\u00efques de Belmonte contribuera de fa\u00e7on non n\u00e9gligeable \u00e0 la r\u00e9duction des \u00e9missions de gaz \u00e0 effet de serre. Cette performance permettrait d\u2019\u00e9viter l\u2019\u00e9mission annuelle de plus de 109&nbsp;000 tonnes (109 millions de kg) de dioxyde de carbone (CO2) dans l\u2019atmosph\u00e8re. Ce chiffre \u00e9quivaut \u00e0 la quantit\u00e9 de CO2 absorb\u00e9e chaque ann\u00e9e par plus de 652 000 arbres adultes, contribuant ainsi \u00e0 la lutte contre le changement climatique et \u00e0 la protection de l&rsquo;environnement.<\/p>\n\n\n\n<p>L&rsquo;inauguration de l\u2019usine photovolta\u00efque de Belmonte traduit l&rsquo;engagement de COBRA IS en faveur de la transition vers un mod\u00e8le \u00e9nerg\u00e9tique plus durable, tirant parti du potentiel des \u00e9nergies renouvelables pour stimuler le d\u00e9veloppement \u00e9conomique et social de la r\u00e9gion de Pernambuco et du Br\u00e9sil dans son ensemble.<\/p>\n","protected":false},"excerpt":{"rendered":"<p>Le 27 juillet, COBRA IS a franchi une \u00e9tape importante de sa strat\u00e9gie de promotion des \u00e9nergies propres avec la mise en service de l\u2019usine photovolta\u00efque de Belmonte. Situ\u00e9e \u00e0 S\u00e3o Jos\u00e9 do Belmonte, commune de Pernambuco (Br\u00e9sil), l\u2019usine offre une capacit\u00e9 install\u00e9e nette de 570 MW et produira environ 100 m\u00e9gawatts (MW) d&rsquo;\u00e9nergie renouvelable. [&hellip;]<\/p>\n","protected":false},"author":8,"featured_media":662,"comment_status":"open","ping_status":"open","sticky":false,"template":"","format":"standard","meta":{"_acf_changed":false,"footnotes":""},"categories":[34],"tags":[40,39],"class_list":["post-632","post","type-post","status-publish","format-standard","has-post-thumbnail","hentry","category-comunicados-de-prensa","tag-logros","tag-sostenibilidad"],"translation":{"provider":"WPGlobus","version":"3.0.2","language":"fr","enabled_languages":["es","en","fr"],"languages":{"es":{"title":true,"content":true,"excerpt":false},"en":{"title":true,"content":true,"excerpt":false},"fr":{"title":true,"content":true,"excerpt":false}}},"acf":[],"yoast_head":"<!-- This site is optimized with the Yoast SEO plugin v27.4 - https:\/\/yoast.com\/product\/yoast-seo-wordpress\/ -->\n<title>COBRA IS inaugure les installations photovolta\u00efques de Belmonte au Br\u00e9sil - Cobra IS<\/title>\n<meta name=\"robots\" content=\"index, follow, max-snippet:-1, max-image-preview:large, max-video-preview:-1\" \/>\n<link rel=\"canonical\" href=\"https:\/\/www.iscobra.com\/cobra-is-inaugura-la-planta-fotovoltaica-belmonte-en-brasil\/\" \/>\n<meta property=\"og:locale\" content=\"fr_FR\" \/>\n<meta property=\"og:type\" content=\"article\" \/>\n<meta property=\"og:title\" content=\"COBRA IS inaugure les installations photovolta\u00efques de Belmonte au Br\u00e9sil - Cobra IS\" \/>\n<meta property=\"og:url\" content=\"https:\/\/www.iscobra.com\/cobra-is-inaugura-la-planta-fotovoltaica-belmonte-en-brasil\/\" \/>\n<meta property=\"og:site_name\" content=\"Cobra IS\" \/>\n<meta property=\"article:published_time\" content=\"2023-07-26T22:00:09+00:00\" \/>\n<meta property=\"article:modified_time\" content=\"2024-11-06T16:47:26+00:00\" \/>\n<meta property=\"og:image\" content=\"https:\/\/www.iscobra.com\/wp-content\/uploads\/2023\/07\/cobra-is-inaugura-la-planta-fotovoltaica-belmonte-en-brasil.jpg\" \/>\n\t<meta property=\"og:image:width\" content=\"1280\" \/>\n\t<meta property=\"og:image:height\" content=\"960\" \/>\n\t<meta property=\"og:image:type\" content=\"image\/jpeg\" \/>\n<meta name=\"author\" content=\"Daniel Soto\" \/>\n<meta name=\"twitter:card\" content=\"summary_large_image\" \/>\n<meta name=\"twitter:label1\" content=\"\u00c9crit par\" \/>\n\t<meta name=\"twitter:data1\" content=\"Daniel Soto\" \/>\n\t<meta name=\"twitter:label2\" content=\"Dur\u00e9e de lecture estim\u00e9e\" \/>\n\t<meta name=\"twitter:data2\" content=\"2 minutes\" \/>\n<script type=\"application\/ld+json\" class=\"yoast-schema-graph\">{\"@context\":\"https:\\\/\\\/schema.org\",\"@graph\":[{\"@type\":\"Article\",\"@id\":\"https:\\\/\\\/www.iscobra.com\\\/cobra-is-inaugura-la-planta-fotovoltaica-belmonte-en-brasil\\\/#article\",\"isPartOf\":{\"@id\":\"https:\\\/\\\/www.iscobra.com\\\/cobra-is-inaugura-la-planta-fotovoltaica-belmonte-en-brasil\\\/\"},\"author\":{\"name\":\"Daniel Soto\",\"@id\":\"https:\\\/\\\/www.iscobra.com\\\/#\\\/schema\\\/person\\\/d028ef0194b488f08765e01655f1e922\"},\"headline\":\"COBRA IS inaugure les installations photovolta\u00efques de Belmonte au Br\u00e9sil\",\"datePublished\":\"2023-07-26T22:00:09+00:00\",\"dateModified\":\"2024-11-06T16:47:26+00:00\",\"mainEntityOfPage\":{\"@id\":\"https:\\\/\\\/www.iscobra.com\\\/cobra-is-inaugura-la-planta-fotovoltaica-belmonte-en-brasil\\\/\"},\"wordCount\":1037,\"commentCount\":0,\"publisher\":{\"@id\":\"https:\\\/\\\/www.iscobra.com\\\/#organization\"},\"image\":{\"@id\":\"https:\\\/\\\/www.iscobra.com\\\/cobra-is-inaugura-la-planta-fotovoltaica-belmonte-en-brasil\\\/#primaryimage\"},\"thumbnailUrl\":\"https:\\\/\\\/www.iscobra.com\\\/wp-content\\\/uploads\\\/2023\\\/07\\\/cobra-is-inaugura-la-planta-fotovoltaica-belmonte-en-brasil.jpg\",\"keywords\":[\"R\u00e9alisations\",\"D\u00e9veloppement durable\"],\"articleSection\":[\"Communiqu\u00e9s\"],\"inLanguage\":\"fr-FR\",\"potentialAction\":[{\"@type\":\"CommentAction\",\"name\":\"Comment\",\"target\":[\"https:\\\/\\\/www.iscobra.com\\\/cobra-is-inaugura-la-planta-fotovoltaica-belmonte-en-brasil\\\/#respond\"]}]},{\"@type\":\"WebPage\",\"@id\":\"https:\\\/\\\/www.iscobra.com\\\/cobra-is-inaugura-la-planta-fotovoltaica-belmonte-en-brasil\\\/\",\"url\":\"https:\\\/\\\/www.iscobra.com\\\/cobra-is-inaugura-la-planta-fotovoltaica-belmonte-en-brasil\\\/\",\"name\":\"COBRA IS inaugure les installations photovolta\u00efques de Belmonte au Br\u00e9sil - Cobra IS\",\"isPartOf\":{\"@id\":\"https:\\\/\\\/www.iscobra.com\\\/#website\"},\"primaryImageOfPage\":{\"@id\":\"https:\\\/\\\/www.iscobra.com\\\/cobra-is-inaugura-la-planta-fotovoltaica-belmonte-en-brasil\\\/#primaryimage\"},\"image\":{\"@id\":\"https:\\\/\\\/www.iscobra.com\\\/cobra-is-inaugura-la-planta-fotovoltaica-belmonte-en-brasil\\\/#primaryimage\"},\"thumbnailUrl\":\"https:\\\/\\\/www.iscobra.com\\\/wp-content\\\/uploads\\\/2023\\\/07\\\/cobra-is-inaugura-la-planta-fotovoltaica-belmonte-en-brasil.jpg\",\"datePublished\":\"2023-07-26T22:00:09+00:00\",\"dateModified\":\"2024-11-06T16:47:26+00:00\",\"breadcrumb\":{\"@id\":\"https:\\\/\\\/www.iscobra.com\\\/cobra-is-inaugura-la-planta-fotovoltaica-belmonte-en-brasil\\\/#breadcrumb\"},\"inLanguage\":\"fr-FR\",\"potentialAction\":[{\"@type\":\"ReadAction\",\"target\":[\"https:\\\/\\\/www.iscobra.com\\\/cobra-is-inaugura-la-planta-fotovoltaica-belmonte-en-brasil\\\/\"]}]},{\"@type\":\"ImageObject\",\"inLanguage\":\"fr-FR\",\"@id\":\"https:\\\/\\\/www.iscobra.com\\\/cobra-is-inaugura-la-planta-fotovoltaica-belmonte-en-brasil\\\/#primaryimage\",\"url\":\"https:\\\/\\\/www.iscobra.com\\\/wp-content\\\/uploads\\\/2023\\\/07\\\/cobra-is-inaugura-la-planta-fotovoltaica-belmonte-en-brasil.jpg\",\"contentUrl\":\"https:\\\/\\\/www.iscobra.com\\\/wp-content\\\/uploads\\\/2023\\\/07\\\/cobra-is-inaugura-la-planta-fotovoltaica-belmonte-en-brasil.jpg\",\"width\":1280,\"height\":960},{\"@type\":\"BreadcrumbList\",\"@id\":\"https:\\\/\\\/www.iscobra.com\\\/cobra-is-inaugura-la-planta-fotovoltaica-belmonte-en-brasil\\\/#breadcrumb\",\"itemListElement\":[{\"@type\":\"ListItem\",\"position\":1,\"name\":\"Home\",\"item\":\"https:\\\/\\\/www.iscobra.com\\\/\"},{\"@type\":\"ListItem\",\"position\":2,\"name\":\"COBRA IS inaugura la planta fotovoltaica Belmonte en Brasil\"}]},{\"@type\":\"WebSite\",\"@id\":\"https:\\\/\\\/www.iscobra.com\\\/#website\",\"url\":\"https:\\\/\\\/www.iscobra.com\\\/\",\"name\":\"{:es}Cobra IS{:}{:en}Cobra IS{:}{:fr}Cobra IS{:}\",\"description\":\"R\u00e9f\u00e9rence historique en ing\u00e9nierie industrielle appliqu\u00e9e et services mondiaux.\",\"publisher\":{\"@id\":\"https:\\\/\\\/www.iscobra.com\\\/#organization\"},\"potentialAction\":[{\"@type\":\"SearchAction\",\"target\":{\"@type\":\"EntryPoint\",\"urlTemplate\":\"https:\\\/\\\/www.iscobra.com\\\/?s={search_term_string}\"},\"query-input\":{\"@type\":\"PropertyValueSpecification\",\"valueRequired\":true,\"valueName\":\"search_term_string\"}}],\"inLanguage\":\"fr-FR\"},{\"@type\":\"Organization\",\"@id\":\"https:\\\/\\\/www.iscobra.com\\\/#organization\",\"name\":\"{:es}Cobra IS{:}{:en}Cobra IS{:}{:fr}Cobra IS{:}\",\"url\":\"https:\\\/\\\/www.iscobra.com\\\/\",\"logo\":{\"@type\":\"ImageObject\",\"inLanguage\":\"fr-FR\",\"@id\":\"https:\\\/\\\/www.iscobra.com\\\/#\\\/schema\\\/logo\\\/image\\\/\",\"url\":\"https:\\\/\\\/www.iscobra.com\\\/wp-content\\\/uploads\\\/2024\\\/05\\\/logo-color-cobrais.svg\",\"contentUrl\":\"https:\\\/\\\/www.iscobra.com\\\/wp-content\\\/uploads\\\/2024\\\/05\\\/logo-color-cobrais.svg\",\"caption\":\"{:es}Cobra IS{:}{:en}Cobra IS{:}{:fr}Cobra IS{:}\"},\"image\":{\"@id\":\"https:\\\/\\\/www.iscobra.com\\\/#\\\/schema\\\/logo\\\/image\\\/\"}},{\"@type\":\"Person\",\"@id\":\"https:\\\/\\\/www.iscobra.com\\\/#\\\/schema\\\/person\\\/d028ef0194b488f08765e01655f1e922\",\"name\":\"Daniel Soto\",\"image\":{\"@type\":\"ImageObject\",\"inLanguage\":\"fr-FR\",\"@id\":\"https:\\\/\\\/secure.gravatar.com\\\/avatar\\\/05f217330ea9bcdbb98d857959a85ddd47202085a67870318fdbd55a5901fb53?s=96&d=mm&r=g\",\"url\":\"https:\\\/\\\/secure.gravatar.com\\\/avatar\\\/05f217330ea9bcdbb98d857959a85ddd47202085a67870318fdbd55a5901fb53?s=96&d=mm&r=g\",\"contentUrl\":\"https:\\\/\\\/secure.gravatar.com\\\/avatar\\\/05f217330ea9bcdbb98d857959a85ddd47202085a67870318fdbd55a5901fb53?s=96&d=mm&r=g\",\"caption\":\"Daniel Soto\"},\"url\":\"https:\\\/\\\/www.iscobra.com\\\/fr\\\/author\\\/daniel\\\/\"}]}<\/script>\n<!-- \/ Yoast SEO plugin. -->","yoast_head_json":{"title":"COBRA IS inaugure les installations photovolta\u00efques de Belmonte au Br\u00e9sil - Cobra IS","robots":{"index":"index","follow":"follow","max-snippet":"max-snippet:-1","max-image-preview":"max-image-preview:large","max-video-preview":"max-video-preview:-1"},"canonical":"https:\/\/www.iscobra.com\/cobra-is-inaugura-la-planta-fotovoltaica-belmonte-en-brasil\/","og_locale":"fr_FR","og_type":"article","og_title":"COBRA IS inaugure les installations photovolta\u00efques de Belmonte au Br\u00e9sil - Cobra IS","og_url":"https:\/\/www.iscobra.com\/cobra-is-inaugura-la-planta-fotovoltaica-belmonte-en-brasil\/","og_site_name":"Cobra IS","article_published_time":"2023-07-26T22:00:09+00:00","article_modified_time":"2024-11-06T16:47:26+00:00","og_image":[{"width":1280,"height":960,"url":"https:\/\/www.iscobra.com\/wp-content\/uploads\/2023\/07\/cobra-is-inaugura-la-planta-fotovoltaica-belmonte-en-brasil.jpg","type":"image\/jpeg"}],"author":"Daniel Soto","twitter_card":"summary_large_image","twitter_misc":{"\u00c9crit par":"Daniel Soto","Dur\u00e9e de lecture estim\u00e9e":"2 minutes"},"schema":{"@context":"https:\/\/schema.org","@graph":[{"@type":"Article","@id":"https:\/\/www.iscobra.com\/cobra-is-inaugura-la-planta-fotovoltaica-belmonte-en-brasil\/#article","isPartOf":{"@id":"https:\/\/www.iscobra.com\/cobra-is-inaugura-la-planta-fotovoltaica-belmonte-en-brasil\/"},"author":{"name":"Daniel Soto","@id":"https:\/\/www.iscobra.com\/#\/schema\/person\/d028ef0194b488f08765e01655f1e922"},"headline":"COBRA IS inaugure les installations photovolta\u00efques de Belmonte au Br\u00e9sil","datePublished":"2023-07-26T22:00:09+00:00","dateModified":"2024-11-06T16:47:26+00:00","mainEntityOfPage":{"@id":"https:\/\/www.iscobra.com\/cobra-is-inaugura-la-planta-fotovoltaica-belmonte-en-brasil\/"},"wordCount":1037,"commentCount":0,"publisher":{"@id":"https:\/\/www.iscobra.com\/#organization"},"image":{"@id":"https:\/\/www.iscobra.com\/cobra-is-inaugura-la-planta-fotovoltaica-belmonte-en-brasil\/#primaryimage"},"thumbnailUrl":"https:\/\/www.iscobra.com\/wp-content\/uploads\/2023\/07\/cobra-is-inaugura-la-planta-fotovoltaica-belmonte-en-brasil.jpg","keywords":["R\u00e9alisations","D\u00e9veloppement durable"],"articleSection":["Communiqu\u00e9s"],"inLanguage":"fr-FR","potentialAction":[{"@type":"CommentAction","name":"Comment","target":["https:\/\/www.iscobra.com\/cobra-is-inaugura-la-planta-fotovoltaica-belmonte-en-brasil\/#respond"]}]},{"@type":"WebPage","@id":"https:\/\/www.iscobra.com\/cobra-is-inaugura-la-planta-fotovoltaica-belmonte-en-brasil\/","url":"https:\/\/www.iscobra.com\/cobra-is-inaugura-la-planta-fotovoltaica-belmonte-en-brasil\/","name":"COBRA IS inaugure les installations photovolta\u00efques de Belmonte au Br\u00e9sil - Cobra IS","isPartOf":{"@id":"https:\/\/www.iscobra.com\/#website"},"primaryImageOfPage":{"@id":"https:\/\/www.iscobra.com\/cobra-is-inaugura-la-planta-fotovoltaica-belmonte-en-brasil\/#primaryimage"},"image":{"@id":"https:\/\/www.iscobra.com\/cobra-is-inaugura-la-planta-fotovoltaica-belmonte-en-brasil\/#primaryimage"},"thumbnailUrl":"https:\/\/www.iscobra.com\/wp-content\/uploads\/2023\/07\/cobra-is-inaugura-la-planta-fotovoltaica-belmonte-en-brasil.jpg","datePublished":"2023-07-26T22:00:09+00:00","dateModified":"2024-11-06T16:47:26+00:00","breadcrumb":{"@id":"https:\/\/www.iscobra.com\/cobra-is-inaugura-la-planta-fotovoltaica-belmonte-en-brasil\/#breadcrumb"},"inLanguage":"fr-FR","potentialAction":[{"@type":"ReadAction","target":["https:\/\/www.iscobra.com\/cobra-is-inaugura-la-planta-fotovoltaica-belmonte-en-brasil\/"]}]},{"@type":"ImageObject","inLanguage":"fr-FR","@id":"https:\/\/www.iscobra.com\/cobra-is-inaugura-la-planta-fotovoltaica-belmonte-en-brasil\/#primaryimage","url":"https:\/\/www.iscobra.com\/wp-content\/uploads\/2023\/07\/cobra-is-inaugura-la-planta-fotovoltaica-belmonte-en-brasil.jpg","contentUrl":"https:\/\/www.iscobra.com\/wp-content\/uploads\/2023\/07\/cobra-is-inaugura-la-planta-fotovoltaica-belmonte-en-brasil.jpg","width":1280,"height":960},{"@type":"BreadcrumbList","@id":"https:\/\/www.iscobra.com\/cobra-is-inaugura-la-planta-fotovoltaica-belmonte-en-brasil\/#breadcrumb","itemListElement":[{"@type":"ListItem","position":1,"name":"Home","item":"https:\/\/www.iscobra.com\/"},{"@type":"ListItem","position":2,"name":"COBRA IS inaugura la planta fotovoltaica Belmonte en Brasil"}]},{"@type":"WebSite","@id":"https:\/\/www.iscobra.com\/#website","url":"https:\/\/www.iscobra.com\/","name":"{:es}Cobra IS{:}{:en}Cobra IS{:}{:fr}Cobra IS{:}","description":"R\u00e9f\u00e9rence historique en ing\u00e9nierie industrielle appliqu\u00e9e et services mondiaux.","publisher":{"@id":"https:\/\/www.iscobra.com\/#organization"},"potentialAction":[{"@type":"SearchAction","target":{"@type":"EntryPoint","urlTemplate":"https:\/\/www.iscobra.com\/?s={search_term_string}"},"query-input":{"@type":"PropertyValueSpecification","valueRequired":true,"valueName":"search_term_string"}}],"inLanguage":"fr-FR"},{"@type":"Organization","@id":"https:\/\/www.iscobra.com\/#organization","name":"{:es}Cobra IS{:}{:en}Cobra IS{:}{:fr}Cobra IS{:}","url":"https:\/\/www.iscobra.com\/","logo":{"@type":"ImageObject","inLanguage":"fr-FR","@id":"https:\/\/www.iscobra.com\/#\/schema\/logo\/image\/","url":"https:\/\/www.iscobra.com\/wp-content\/uploads\/2024\/05\/logo-color-cobrais.svg","contentUrl":"https:\/\/www.iscobra.com\/wp-content\/uploads\/2024\/05\/logo-color-cobrais.svg","caption":"{:es}Cobra IS{:}{:en}Cobra IS{:}{:fr}Cobra IS{:}"},"image":{"@id":"https:\/\/www.iscobra.com\/#\/schema\/logo\/image\/"}},{"@type":"Person","@id":"https:\/\/www.iscobra.com\/#\/schema\/person\/d028ef0194b488f08765e01655f1e922","name":"Daniel Soto","image":{"@type":"ImageObject","inLanguage":"fr-FR","@id":"https:\/\/secure.gravatar.com\/avatar\/05f217330ea9bcdbb98d857959a85ddd47202085a67870318fdbd55a5901fb53?s=96&d=mm&r=g","url":"https:\/\/secure.gravatar.com\/avatar\/05f217330ea9bcdbb98d857959a85ddd47202085a67870318fdbd55a5901fb53?s=96&d=mm&r=g","contentUrl":"https:\/\/secure.gravatar.com\/avatar\/05f217330ea9bcdbb98d857959a85ddd47202085a67870318fdbd55a5901fb53?s=96&d=mm&r=g","caption":"Daniel Soto"},"url":"https:\/\/www.iscobra.com\/fr\/author\/daniel\/"}]}},"_links":{"self":[{"href":"https:\/\/www.iscobra.com\/fr\/wp-json\/wp\/v2\/posts\/632","targetHints":{"allow":["GET"]}}],"collection":[{"href":"https:\/\/www.iscobra.com\/fr\/wp-json\/wp\/v2\/posts"}],"about":[{"href":"https:\/\/www.iscobra.com\/fr\/wp-json\/wp\/v2\/types\/post"}],"author":[{"embeddable":true,"href":"https:\/\/www.iscobra.com\/fr\/wp-json\/wp\/v2\/users\/8"}],"replies":[{"embeddable":true,"href":"https:\/\/www.iscobra.com\/fr\/wp-json\/wp\/v2\/comments?post=632"}],"version-history":[{"count":3,"href":"https:\/\/www.iscobra.com\/fr\/wp-json\/wp\/v2\/posts\/632\/revisions"}],"predecessor-version":[{"id":2399,"href":"https:\/\/www.iscobra.com\/fr\/wp-json\/wp\/v2\/posts\/632\/revisions\/2399"}],"wp:featuredmedia":[{"embeddable":true,"href":"https:\/\/www.iscobra.com\/fr\/wp-json\/wp\/v2\/media\/662"}],"wp:attachment":[{"href":"https:\/\/www.iscobra.com\/fr\/wp-json\/wp\/v2\/media?parent=632"}],"wp:term":[{"taxonomy":"category","embeddable":true,"href":"https:\/\/www.iscobra.com\/fr\/wp-json\/wp\/v2\/categories?post=632"},{"taxonomy":"post_tag","embeddable":true,"href":"https:\/\/www.iscobra.com\/fr\/wp-json\/wp\/v2\/tags?post=632"}],"curies":[{"name":"wp","href":"https:\/\/api.w.org\/{rel}","templated":true}]}}